{"id":11231,"date":"2026-04-27T08:06:27","date_gmt":"2026-04-27T08:06:27","guid":{"rendered":"https:\/\/paroquiadeparanhos.net\/webnew\/?p=11231"},"modified":"2026-04-27T09:22:20","modified_gmt":"2026-04-27T09:22:20","slug":"jantar-de-compassantes","status":"publish","type":"post","link":"https:\/\/paroquiadeparanhos.net\/webnew\/index.php\/2026\/04\/27\/jantar-de-compassantes\/","title":{"rendered":"* Jantar de Compassantes *"},"content":{"rendered":"\n<figure class=\"wp-block-gallery has-nested-images columns-default is-cropped wp-block-gallery-1 is-layout-flex wp-block-gallery-is-layout-flex\">\n<figure class=\"wp-block-image size-large\"><img loading=\"lazy\" decoding=\"async\" width=\"600\" height=\"55\" data-id=\"439\" src=\"https:\/\/paroquiadeparanhos.net\/webnew\/wp-content\/uploads\/2018\/12\/TOPO.png\" alt=\"\" class=\"wp-image-439\" srcset=\"https:\/\/paroquiadeparanhos.net\/webnew\/wp-content\/uploads\/2018\/12\/TOPO.png 600w, https:\/\/paroquiadeparanhos.net\/webnew\/wp-content\/uploads\/2018\/12\/TOPO-300x28.png 300w\" sizes=\"auto, (max-width: 600px) 100vw, 600px\" \/><\/figure>\n<\/figure>\n\n\n\n<figure class=\"wp-block-image size-large\"><img loading=\"lazy\" decoding=\"async\" width=\"1024\" height=\"768\" src=\"https:\/\/paroquiadeparanhos.net\/webnew\/wp-content\/uploads\/2026\/04\/WhatsApp-Image-2026-04-25-at-16.43.29-2-1024x768.jpeg\" alt=\"\" class=\"wp-image-11232\" srcset=\"https:\/\/paroquiadeparanhos.net\/webnew\/wp-content\/uploads\/2026\/04\/WhatsApp-Image-2026-04-25-at-16.43.29-2-1024x768.jpeg 1024w, https:\/\/paroquiadeparanhos.net\/webnew\/wp-content\/uploads\/2026\/04\/WhatsApp-Image-2026-04-25-at-16.43.29-2-300x225.jpeg 300w, https:\/\/paroquiadeparanhos.net\/webnew\/wp-content\/uploads\/2026\/04\/WhatsApp-Image-2026-04-25-at-16.43.29-2-768x576.jpeg 768w, https:\/\/paroquiadeparanhos.net\/webnew\/wp-content\/uploads\/2026\/04\/WhatsApp-Image-2026-04-25-at-16.43.29-2-1536x1152.jpeg 1536w, https:\/\/paroquiadeparanhos.net\/webnew\/wp-content\/uploads\/2026\/04\/WhatsApp-Image-2026-04-25-at-16.43.29-2.jpeg 1600w\" sizes=\"auto, (max-width: 1024px) 100vw, 1024px\" \/><\/figure>\n\n\n\n<figure class=\"wp-block-gallery has-nested-images columns-default is-cropped wp-block-gallery-2 is-layout-flex wp-block-gallery-is-layout-flex\">\n<figure class=\"wp-block-image size-large\"><img loading=\"lazy\" decoding=\"async\" width=\"600\" height=\"55\" data-id=\"440\" src=\"https:\/\/paroquiadeparanhos.net\/webnew\/wp-content\/uploads\/2018\/12\/BAIXO.png\" alt=\"\" class=\"wp-image-440\" srcset=\"https:\/\/paroquiadeparanhos.net\/webnew\/wp-content\/uploads\/2018\/12\/BAIXO.png 600w, https:\/\/paroquiadeparanhos.net\/webnew\/wp-content\/uploads\/2018\/12\/BAIXO-300x28.png 300w\" sizes=\"auto, (max-width: 600px) 100vw, 600px\" \/><\/figure>\n<\/figure>\n\n\n\n<p class=\"has-white-color has-vivid-red-background-color has-text-color has-background has-link-color wp-elements-3855c1900d0f5725b6a16ba079ec403a\" style=\"font-size:13px\"><strong>No dia 24 de Abril, celebraram-se muitos anivers\u00e1rios para al\u00e9m do p\u00e1roco. Por isso houve missa \u00e0s 19 h, na Igreja Matriz e depois jantar de compassantes (caldo verde e bifanas) e conv\u00edvio no Centro Pastoral. Para alegria de todos, a boa disposi\u00e7\u00e3o e a m\u00fasica imperaram.<\/strong><\/p>\n\n\n\n<p><\/p>\n","protected":false},"excerpt":{"rendered":"<p>No dia 24 de Abril, celebraram-se muitos anivers\u00e1rios para al\u00e9m do p\u00e1roco. Por isso houve missa \u00e0s 19 h, na Igreja Matriz e depois jantar de compassantes (caldo verde e bifanas) e conv\u00edvio no Centro Pastoral. Para alegria de todos, a boa disposi\u00e7\u00e3o e a m\u00fasica imperaram.<\/p>\n","protected":false},"author":3,"featured_media":0,"comment_status":"closed","ping_status":"open","sticky":false,"template":"","format":"standard","meta":{"footnotes":""},"categories":[1],"tags":[],"class_list":["post-11231","post","type-post","status-publish","format-standard","hentry","category-noticias"],"_links":{"self":[{"href":"https:\/\/paroquiadeparanhos.net\/webnew\/index.php\/wp-json\/wp\/v2\/posts\/11231","targetHints":{"allow":["GET"]}}],"collection":[{"href":"https:\/\/paroquiadeparanhos.net\/webnew\/index.php\/wp-json\/wp\/v2\/posts"}],"about":[{"href":"https:\/\/paroquiadeparanhos.net\/webnew\/index.php\/wp-json\/wp\/v2\/types\/post"}],"author":[{"embeddable":true,"href":"https:\/\/paroquiadeparanhos.net\/webnew\/index.php\/wp-json\/wp\/v2\/users\/3"}],"replies":[{"embeddable":true,"href":"https:\/\/paroquiadeparanhos.net\/webnew\/index.php\/wp-json\/wp\/v2\/comments?post=11231"}],"version-history":[{"count":2,"href":"https:\/\/paroquiadeparanhos.net\/webnew\/index.php\/wp-json\/wp\/v2\/posts\/11231\/revisions"}],"predecessor-version":[{"id":11240,"href":"https:\/\/paroquiadeparanhos.net\/webnew\/index.php\/wp-json\/wp\/v2\/posts\/11231\/revisions\/11240"}],"wp:attachment":[{"href":"https:\/\/paroquiadeparanhos.net\/webnew\/index.php\/wp-json\/wp\/v2\/media?parent=11231"}],"wp:term":[{"taxonomy":"category","embeddable":true,"href":"https:\/\/paroquiadeparanhos.net\/webnew\/index.php\/wp-json\/wp\/v2\/categories?post=11231"},{"taxonomy":"post_tag","embeddable":true,"href":"https:\/\/paroquiadeparanhos.net\/webnew\/index.php\/wp-json\/wp\/v2\/tags?post=11231"}],"curies":[{"name":"wp","href":"https:\/\/api.w.org\/{rel}","templated":true}]}}