{"id":11235,"date":"2026-04-27T08:22:11","date_gmt":"2026-04-27T08:22:11","guid":{"rendered":"https:\/\/paroquiadeparanhos.net\/webnew\/?p=11235"},"modified":"2026-04-27T09:21:37","modified_gmt":"2026-04-27T09:21:37","slug":"festa-da-vida","status":"publish","type":"post","link":"https:\/\/paroquiadeparanhos.net\/webnew\/index.php\/2026\/04\/27\/festa-da-vida\/","title":{"rendered":"*** A Festa da Vida ***"},"content":{"rendered":"\n<figure class=\"wp-block-gallery has-nested-images columns-default is-cropped wp-block-gallery-1 is-layout-flex wp-block-gallery-is-layout-flex\">\n<figure class=\"wp-block-image size-large\"><img loading=\"lazy\" decoding=\"async\" width=\"600\" height=\"55\" data-id=\"439\" src=\"https:\/\/paroquiadeparanhos.net\/webnew\/wp-content\/uploads\/2018\/12\/TOPO.png\" alt=\"\" class=\"wp-image-439\" srcset=\"https:\/\/paroquiadeparanhos.net\/webnew\/wp-content\/uploads\/2018\/12\/TOPO.png 600w, https:\/\/paroquiadeparanhos.net\/webnew\/wp-content\/uploads\/2018\/12\/TOPO-300x28.png 300w\" sizes=\"auto, (max-width: 600px) 100vw, 600px\" \/><\/figure>\n<\/figure>\n\n\n\n<figure class=\"wp-block-image size-large\"><img loading=\"lazy\" decoding=\"async\" width=\"1024\" height=\"768\" src=\"https:\/\/paroquiadeparanhos.net\/webnew\/wp-content\/uploads\/2026\/04\/WhatsApp-Image-2026-04-26-at-16.50.04-1-1024x768.jpeg\" alt=\"\" class=\"wp-image-11236\" srcset=\"https:\/\/paroquiadeparanhos.net\/webnew\/wp-content\/uploads\/2026\/04\/WhatsApp-Image-2026-04-26-at-16.50.04-1-1024x768.jpeg 1024w, https:\/\/paroquiadeparanhos.net\/webnew\/wp-content\/uploads\/2026\/04\/WhatsApp-Image-2026-04-26-at-16.50.04-1-300x225.jpeg 300w, https:\/\/paroquiadeparanhos.net\/webnew\/wp-content\/uploads\/2026\/04\/WhatsApp-Image-2026-04-26-at-16.50.04-1-768x576.jpeg 768w, https:\/\/paroquiadeparanhos.net\/webnew\/wp-content\/uploads\/2026\/04\/WhatsApp-Image-2026-04-26-at-16.50.04-1-1536x1152.jpeg 1536w, https:\/\/paroquiadeparanhos.net\/webnew\/wp-content\/uploads\/2026\/04\/WhatsApp-Image-2026-04-26-at-16.50.04-1.jpeg 1600w\" sizes=\"auto, (max-width: 1024px) 100vw, 1024px\" \/><\/figure>\n\n\n\n<figure class=\"wp-block-gallery has-nested-images columns-default is-cropped wp-block-gallery-2 is-layout-flex wp-block-gallery-is-layout-flex\">\n<figure class=\"wp-block-image size-large\"><img loading=\"lazy\" decoding=\"async\" width=\"600\" height=\"55\" data-id=\"440\" src=\"https:\/\/paroquiadeparanhos.net\/webnew\/wp-content\/uploads\/2018\/12\/BAIXO.png\" alt=\"\" class=\"wp-image-440\" srcset=\"https:\/\/paroquiadeparanhos.net\/webnew\/wp-content\/uploads\/2018\/12\/BAIXO.png 600w, https:\/\/paroquiadeparanhos.net\/webnew\/wp-content\/uploads\/2018\/12\/BAIXO-300x28.png 300w\" sizes=\"auto, (max-width: 600px) 100vw, 600px\" \/><\/figure>\n<\/figure>\n\n\n\n<p class=\"has-white-color has-vivid-red-background-color has-text-color has-background has-link-color wp-elements-3ea27aafb66026ca18b70e30eff08470\" style=\"font-size:13px\"><strong>Neste domingo 26 de Abril tivemos a primeira festa da Catequese: a Festa da Vida, o grupo da catequista Ana Paula. Foi com muita alegria e sentido de dever que os tr\u00eas adolescentes receberam a cruz, sinal da vit\u00f3ria e da salva\u00e7\u00e3o. Claro que os outros elementos do grupo n\u00e3o puderam vir \u00e0 festa!<\/strong><\/p>\n","protected":false},"excerpt":{"rendered":"<p>Neste domingo 26 de Abril tivemos a primeira festa da Catequese: a Festa da Vida, o grupo da catequista Ana Paula. Foi com muita alegria e sentido de dever que os tr\u00eas adolescentes receberam a cruz, sinal da vit\u00f3ria e da salva\u00e7\u00e3o. Claro que os outros elementos do grupo n\u00e3o puderam vir \u00e0 festa!<\/p>\n","protected":false},"author":3,"featured_media":0,"comment_status":"closed","ping_status":"open","sticky":false,"template":"","format":"standard","meta":{"footnotes":""},"categories":[1],"tags":[],"class_list":["post-11235","post","type-post","status-publish","format-standard","hentry","category-noticias"],"_links":{"self":[{"href":"https:\/\/paroquiadeparanhos.net\/webnew\/index.php\/wp-json\/wp\/v2\/posts\/11235","targetHints":{"allow":["GET"]}}],"collection":[{"href":"https:\/\/paroquiadeparanhos.net\/webnew\/index.php\/wp-json\/wp\/v2\/posts"}],"about":[{"href":"https:\/\/paroquiadeparanhos.net\/webnew\/index.php\/wp-json\/wp\/v2\/types\/post"}],"author":[{"embeddable":true,"href":"https:\/\/paroquiadeparanhos.net\/webnew\/index.php\/wp-json\/wp\/v2\/users\/3"}],"replies":[{"embeddable":true,"href":"https:\/\/paroquiadeparanhos.net\/webnew\/index.php\/wp-json\/wp\/v2\/comments?post=11235"}],"version-history":[{"count":3,"href":"https:\/\/paroquiadeparanhos.net\/webnew\/index.php\/wp-json\/wp\/v2\/posts\/11235\/revisions"}],"predecessor-version":[{"id":11239,"href":"https:\/\/paroquiadeparanhos.net\/webnew\/index.php\/wp-json\/wp\/v2\/posts\/11235\/revisions\/11239"}],"wp:attachment":[{"href":"https:\/\/paroquiadeparanhos.net\/webnew\/index.php\/wp-json\/wp\/v2\/media?parent=11235"}],"wp:term":[{"taxonomy":"category","embeddable":true,"href":"https:\/\/paroquiadeparanhos.net\/webnew\/index.php\/wp-json\/wp\/v2\/categories?post=11235"},{"taxonomy":"post_tag","embeddable":true,"href":"https:\/\/paroquiadeparanhos.net\/webnew\/index.php\/wp-json\/wp\/v2\/tags?post=11235"}],"curies":[{"name":"wp","href":"https:\/\/api.w.org\/{rel}","templated":true}]}}